{"id":1041,"date":"2020-09-27T19:07:26","date_gmt":"2020-09-27T17:07:26","guid":{"rendered":"https:\/\/ieshuarte.educacion.navarra.es\/web1\/?p=1041"},"modified":"2020-11-15T14:17:48","modified_gmt":"2020-11-15T13:17:48","slug":"comienza-el-curso-mas-dificil","status":"publish","type":"post","link":"https:\/\/ciphuarte.educacion.navarra.es\/web1\/blog\/2020\/09\/27\/comienza-el-curso-mas-dificil\/","title":{"rendered":"Comienza el curso m\u00e1s dif\u00edcil"},"content":{"rendered":"\n<p class=\"has-drop-cap\">Pues s\u00ed, ya sabemos que el <em>coronavirus<\/em> se ha instalado entre nosotros y nos obliga a cambiarlo todo, o casi todo. Comenzamos un curso dif\u00edcil por la incertidumbre e inseguridad que genera la pandemia.<\/p>\n\n\n\n<p>Desde el equipo directivo del centro se ha realizado un enorme trabajo de planificaci\u00f3n y preparaci\u00f3n de todo tipo de detalles para enfrentarnos a situaciones que, por otro lado, son contingentes y se van descubriendo d\u00eda a d\u00eda.<\/p>\n\n\n\n<p>El profesorado, personal de limpieza, personal administrativo y de servicios&#8230; todo el mundo est\u00e1 dando lo mejor de s\u00ed mismo\/a para que se pueda comenzar este curso en las mejores condiciones posibles.<\/p>\n\n\n\n<p>\u00bfY las clases? \u00a1\u00a1 Ah, s\u00ed!! es verdad, casi nos olvidamos de ellas&#8230;. no os preocup\u00e9is, que tambi\u00e9n se ha trabajado en ello y como siempre ser\u00e1 un curso extraordinario en el que todos vamos a aprender much\u00edsimo en todo tipo de \u00e1mbitos.<\/p>\n\n\n\n<p>\u00a1\u00a1\u00a1\u00c1nimo y adelante con el curso 2020-21!!!<\/p>\n","protected":false},"excerpt":{"rendered":"<p>Pues s\u00ed, ya sabemos que el coronavirus se ha instalado entre nosotros y nos obliga a cambiarlo todo, o casi todo. Comenzamos un curso dif\u00edcil por la incertidumbre e inseguridad que genera la pandemia. Desde el equipo directivo del centro se ha realizado un enorme trabajo de planificaci\u00f3n y preparaci\u00f3n de todo tipo de detalles [&hellip;]<\/p>\n","protected":false},"author":1,"featured_media":1042,"comment_status":"open","ping_status":"open","sticky":false,"template":"","format":"standard","meta":{"_genesis_hide_title":false,"_genesis_hide_breadcrumbs":false,"_genesis_hide_singular_image":false,"_genesis_hide_footer_widgets":false,"_genesis_custom_body_class":"","_genesis_custom_post_class":"","_genesis_layout":""},"categories":[1],"tags":[22,23],"_links":{"self":[{"href":"https:\/\/ciphuarte.educacion.navarra.es\/web1\/wp-json\/wp\/v2\/posts\/1041"}],"collection":[{"href":"https:\/\/ciphuarte.educacion.navarra.es\/web1\/wp-json\/wp\/v2\/posts"}],"about":[{"href":"https:\/\/ciphuarte.educacion.navarra.es\/web1\/wp-json\/wp\/v2\/types\/post"}],"author":[{"embeddable":true,"href":"https:\/\/ciphuarte.educacion.navarra.es\/web1\/wp-json\/wp\/v2\/users\/1"}],"replies":[{"embeddable":true,"href":"https:\/\/ciphuarte.educacion.navarra.es\/web1\/wp-json\/wp\/v2\/comments?post=1041"}],"version-history":[{"count":5,"href":"https:\/\/ciphuarte.educacion.navarra.es\/web1\/wp-json\/wp\/v2\/posts\/1041\/revisions"}],"predecessor-version":[{"id":1143,"href":"https:\/\/ciphuarte.educacion.navarra.es\/web1\/wp-json\/wp\/v2\/posts\/1041\/revisions\/1143"}],"wp:featuredmedia":[{"embeddable":true,"href":"https:\/\/ciphuarte.educacion.navarra.es\/web1\/wp-json\/wp\/v2\/media\/1042"}],"wp:attachment":[{"href":"https:\/\/ciphuarte.educacion.navarra.es\/web1\/wp-json\/wp\/v2\/media?parent=1041"}],"wp:term":[{"taxonomy":"category","embeddable":true,"href":"https:\/\/ciphuarte.educacion.navarra.es\/web1\/wp-json\/wp\/v2\/categories?post=1041"},{"taxonomy":"post_tag","embeddable":true,"href":"https:\/\/ciphuarte.educacion.navarra.es\/web1\/wp-json\/wp\/v2\/tags?post=1041"}],"curies":[{"name":"wp","href":"https:\/\/api.w.org\/{rel}","templated":true}]}}