{"id":3670,"date":"2023-06-02T12:07:35","date_gmt":"2023-06-02T10:07:35","guid":{"rendered":"https:\/\/ciphuarte.educacion.navarra.es\/web1\/?p=3670"},"modified":"2023-06-07T13:09:09","modified_gmt":"2023-06-07T11:09:09","slug":"proyecto-acepta-mejorando-la-vida-de-los-demas","status":"publish","type":"post","link":"https:\/\/ciphuarte.educacion.navarra.es\/web1\/blog\/2023\/06\/02\/proyecto-acepta-mejorando-la-vida-de-los-demas\/","title":{"rendered":"Proyecto \u00abAcepta\u00bb, mejorando la vida de los dem\u00e1s."},"content":{"rendered":"\n<p class=\"has-black-color has-text-color\">El pasado d\u00eda 30 de mayo tuvo lugar un bonito y emotivo acto en el que alumnado de GS de Integraci\u00f3n social y GM de APSD entreg\u00f3 los productos de apoyo realizados en el marco del Proyecto Acepta para usuarios de varias residencias geri\u00e1tricas y terap\u00e9uticas de Navarra.<\/p>\n\n\n\n<p class=\"has-black-color has-text-color\">Se trataba del cierre del <strong>proyecto ACEPTA<\/strong> nacido con el objetivo de sensibilizar al alumnado en el emprendimiento en general y en sus versiones social, sostenible y colaborativo. <em>Acepta<\/em> es un proyecto educativo intermodular e interciclos que ha llevado a cabo alumnado de <em>GS Integraci\u00f3n social<\/em> y <em>GM de Atenci\u00f3n a personas en situaci\u00f3n de dependencia (APSD)<\/em> a lo largo de este \u00faltimo trimestre en colaboraci\u00f3n con <em>GM de Electromec\u00e1nica de veh\u00edculos. <\/em><\/p>\n\n\n\n<figure class=\"wp-block-embed is-type-video is-provider-youtube wp-block-embed-youtube wp-embed-aspect-16-9 wp-has-aspect-ratio\"><div class=\"wp-block-embed__wrapper\">\n<iframe loading=\"lazy\" title=\"CIP Huarte Proyecto &quot;Acepta&quot;\" width=\"500\" height=\"281\" src=\"https:\/\/www.youtube.com\/embed\/JbguOdroU94?feature=oembed\" frameborder=\"0\" allow=\"accelerometer; autoplay; clipboard-write; encrypted-media; gyroscope; picture-in-picture; web-share\" allowfullscreen><\/iframe>\n<\/div><\/figure>\n\n\n\n<p class=\"has-black-color has-text-color\">El producto final del proyecto consiste en la planificaci\u00f3n y ejecuci\u00f3n de un taller de autonom\u00eda para las personas con discapacidad de la residencia Valle del Roncal con actividades que buscan mejorar la vida diaria de los residentes en aspectos tan importantes como <em>autodeterminaci\u00f3n y autonom\u00eda<\/em>, <em>actividades de la vida diaria<\/em>, <em>entrenamiento cognitivo<\/em>, <em>habilidades de movilidad<\/em> y <em>orientaci\u00f3n<\/em>. <\/p>\n\n\n\n<figure class=\"wp-block-gallery has-nested-images columns-default is-cropped\">\n<figure class=\"wp-block-image size-large\"><img loading=\"lazy\" width=\"2560\" height=\"1915\" data-id=\"3678\"  src=\"https:\/\/ciphuarte.educacion.navarra.es\/web1\/wp-content\/uploads\/2023\/06\/1679641293753-1-scaled.jpg\" alt=\"\" class=\"wp-image-3678\" srcset=\"https:\/\/ciphuarte.educacion.navarra.es\/web1\/wp-content\/uploads\/2023\/06\/1679641293753-1-scaled.jpg 2560w, https:\/\/ciphuarte.educacion.navarra.es\/web1\/wp-content\/uploads\/2023\/06\/1679641293753-1-300x224.jpg 300w, https:\/\/ciphuarte.educacion.navarra.es\/web1\/wp-content\/uploads\/2023\/06\/1679641293753-1-1024x766.jpg 1024w, https:\/\/ciphuarte.educacion.navarra.es\/web1\/wp-content\/uploads\/2023\/06\/1679641293753-1-768x574.jpg 768w, https:\/\/ciphuarte.educacion.navarra.es\/web1\/wp-content\/uploads\/2023\/06\/1679641293753-1-1536x1149.jpg 1536w, https:\/\/ciphuarte.educacion.navarra.es\/web1\/wp-content\/uploads\/2023\/06\/1679641293753-1-2048x1532.jpg 2048w\" sizes=\"(max-width: 2560px) 100vw, 2560px\" \/><\/figure>\n\n\n\n<figure class=\"wp-block-image size-large\"><img loading=\"lazy\" width=\"2560\" height=\"1915\" data-id=\"3677\"  src=\"https:\/\/ciphuarte.educacion.navarra.es\/web1\/wp-content\/uploads\/2023\/06\/IMG_20230417_192439_1-1-scaled.jpg\" alt=\"\" class=\"wp-image-3677\" srcset=\"https:\/\/ciphuarte.educacion.navarra.es\/web1\/wp-content\/uploads\/2023\/06\/IMG_20230417_192439_1-1-scaled.jpg 2560w, https:\/\/ciphuarte.educacion.navarra.es\/web1\/wp-content\/uploads\/2023\/06\/IMG_20230417_192439_1-1-300x224.jpg 300w, https:\/\/ciphuarte.educacion.navarra.es\/web1\/wp-content\/uploads\/2023\/06\/IMG_20230417_192439_1-1-1024x766.jpg 1024w, https:\/\/ciphuarte.educacion.navarra.es\/web1\/wp-content\/uploads\/2023\/06\/IMG_20230417_192439_1-1-768x574.jpg 768w, https:\/\/ciphuarte.educacion.navarra.es\/web1\/wp-content\/uploads\/2023\/06\/IMG_20230417_192439_1-1-1536x1149.jpg 1536w, https:\/\/ciphuarte.educacion.navarra.es\/web1\/wp-content\/uploads\/2023\/06\/IMG_20230417_192439_1-1-2048x1532.jpg 2048w\" sizes=\"(max-width: 2560px) 100vw, 2560px\" \/><\/figure>\n\n\n\n<figure class=\"wp-block-image size-large\"><img loading=\"lazy\" width=\"2560\" height=\"1915\" data-id=\"3676\"  src=\"https:\/\/ciphuarte.educacion.navarra.es\/web1\/wp-content\/uploads\/2023\/06\/1685248122661-1-scaled.jpg\" alt=\"\" class=\"wp-image-3676\" srcset=\"https:\/\/ciphuarte.educacion.navarra.es\/web1\/wp-content\/uploads\/2023\/06\/1685248122661-1-scaled.jpg 2560w, https:\/\/ciphuarte.educacion.navarra.es\/web1\/wp-content\/uploads\/2023\/06\/1685248122661-1-300x224.jpg 300w, https:\/\/ciphuarte.educacion.navarra.es\/web1\/wp-content\/uploads\/2023\/06\/1685248122661-1-1024x766.jpg 1024w, https:\/\/ciphuarte.educacion.navarra.es\/web1\/wp-content\/uploads\/2023\/06\/1685248122661-1-768x574.jpg 768w, https:\/\/ciphuarte.educacion.navarra.es\/web1\/wp-content\/uploads\/2023\/06\/1685248122661-1-1536x1149.jpg 1536w, https:\/\/ciphuarte.educacion.navarra.es\/web1\/wp-content\/uploads\/2023\/06\/1685248122661-1-2048x1532.jpg 2048w\" sizes=\"(max-width: 2560px) 100vw, 2560px\" \/><\/figure>\n<\/figure>\n\n\n\n<p class=\"has-black-color has-text-color\">Este es el primer a\u00f1o que el CIP Huarte participa en el &nbsp;<strong>programa INIZIA<\/strong> \u00abAulas de emprendimiento en Formaci\u00f3n Profesional\u00bb desarrollado en Navarra por el Servicio de Planificaci\u00f3n e Integraci\u00f3n de la Formaci\u00f3n Profesional del Departamento de Educaci\u00f3n.<\/p>\n\n\n\n<p>Siguiendo la <strong>metodolog\u00eda de ACBP<\/strong> se han realizado distintos paquetes de trabajo o tareas intermedias que ayudan a conseguir el producto final y en las que han participado las diferentes familias del CIP Huarte.<\/p>\n\n\n\n<ul class=\"has-black-color has-text-color\"><li><strong>Campa\u00f1a de sensibilizaci\u00f3n<\/strong> para dar a conocer a la comunidad educativa qu\u00e9 es la discapacidad alejando y desmotando mitos y prejuicios sobre las personas con diversidad funcional.<\/li><li><strong>Taller de entrenamiento cognitivo<\/strong> en el<a href=\"https:\/\/centrodediaalpa.es\/\"> <em>Centro de d\u00eda ALPA<\/em><\/a><em> de Huarte<\/em> y preparamos una serie de talleres de entrenamiento y estimulaci\u00f3n cognitiva.<\/li><li><strong>Fabricaci\u00f3n de productos de apoyo<\/strong> en funci\u00f3n de las necesidades de los usuarios\/as del <a href=\"https:\/\/aspacenavarra.org\/un-itinerario-de-vida\/centro-de-dia\/\">Centro ASPACE.<\/a><\/li><li><strong>Taller de Actividades de la Vida Diaria<\/strong> tanto instrumentales como b\u00e1sicas en la <a href=\"https:\/\/www.fundacioncaser.org\/discapacidad\/centros-de-atencion-integral-la-discapacidad-caidis-valle-del-roncal\">Residencia Valle del Roncal<\/a>.<\/li><\/ul>\n\n\n\n<figure class=\"wp-block-gallery has-nested-images columns-4 is-cropped\">\n<figure class=\"wp-block-image size-large\"><img loading=\"lazy\" width=\"1536\" height=\"2048\" data-id=\"3672\"  src=\"https:\/\/ciphuarte.educacion.navarra.es\/web1\/wp-content\/uploads\/2023\/06\/1684928651276.jpg\" alt=\"\" class=\"wp-image-3672\" srcset=\"https:\/\/ciphuarte.educacion.navarra.es\/web1\/wp-content\/uploads\/2023\/06\/1684928651276.jpg 1536w, https:\/\/ciphuarte.educacion.navarra.es\/web1\/wp-content\/uploads\/2023\/06\/1684928651276-225x300.jpg 225w, https:\/\/ciphuarte.educacion.navarra.es\/web1\/wp-content\/uploads\/2023\/06\/1684928651276-768x1024.jpg 768w, https:\/\/ciphuarte.educacion.navarra.es\/web1\/wp-content\/uploads\/2023\/06\/1684928651276-1152x1536.jpg 1152w\" sizes=\"(max-width: 1536px) 100vw, 1536px\" \/><\/figure>\n\n\n\n<figure class=\"wp-block-image size-large\"><img loading=\"lazy\" width=\"2560\" height=\"1915\" data-id=\"3673\"  src=\"https:\/\/ciphuarte.educacion.navarra.es\/web1\/wp-content\/uploads\/2023\/06\/1684304659047-1-scaled.jpg\" alt=\"\" class=\"wp-image-3673\" srcset=\"https:\/\/ciphuarte.educacion.navarra.es\/web1\/wp-content\/uploads\/2023\/06\/1684304659047-1-scaled.jpg 2560w, https:\/\/ciphuarte.educacion.navarra.es\/web1\/wp-content\/uploads\/2023\/06\/1684304659047-1-300x224.jpg 300w, https:\/\/ciphuarte.educacion.navarra.es\/web1\/wp-content\/uploads\/2023\/06\/1684304659047-1-1024x766.jpg 1024w, https:\/\/ciphuarte.educacion.navarra.es\/web1\/wp-content\/uploads\/2023\/06\/1684304659047-1-768x574.jpg 768w, https:\/\/ciphuarte.educacion.navarra.es\/web1\/wp-content\/uploads\/2023\/06\/1684304659047-1-1536x1149.jpg 1536w, https:\/\/ciphuarte.educacion.navarra.es\/web1\/wp-content\/uploads\/2023\/06\/1684304659047-1-2048x1532.jpg 2048w\" sizes=\"(max-width: 2560px) 100vw, 2560px\" \/><\/figure>\n\n\n\n<figure class=\"wp-block-image size-large\"><img loading=\"lazy\" width=\"2560\" height=\"1915\" data-id=\"3674\"  src=\"https:\/\/ciphuarte.educacion.navarra.es\/web1\/wp-content\/uploads\/2023\/06\/1684305499476-2-scaled.jpg\" alt=\"\" class=\"wp-image-3674\" srcset=\"https:\/\/ciphuarte.educacion.navarra.es\/web1\/wp-content\/uploads\/2023\/06\/1684305499476-2-scaled.jpg 2560w, https:\/\/ciphuarte.educacion.navarra.es\/web1\/wp-content\/uploads\/2023\/06\/1684305499476-2-300x224.jpg 300w, https:\/\/ciphuarte.educacion.navarra.es\/web1\/wp-content\/uploads\/2023\/06\/1684305499476-2-1024x766.jpg 1024w, https:\/\/ciphuarte.educacion.navarra.es\/web1\/wp-content\/uploads\/2023\/06\/1684305499476-2-768x574.jpg 768w, https:\/\/ciphuarte.educacion.navarra.es\/web1\/wp-content\/uploads\/2023\/06\/1684305499476-2-1536x1149.jpg 1536w, https:\/\/ciphuarte.educacion.navarra.es\/web1\/wp-content\/uploads\/2023\/06\/1684305499476-2-2048x1532.jpg 2048w\" sizes=\"(max-width: 2560px) 100vw, 2560px\" \/><\/figure>\n\n\n\n<figure class=\"wp-block-image size-large\"><img loading=\"lazy\" width=\"2560\" height=\"1915\" data-id=\"3675\"  src=\"https:\/\/ciphuarte.educacion.navarra.es\/web1\/wp-content\/uploads\/2023\/06\/1684305549085-1-scaled.jpg\" alt=\"\" class=\"wp-image-3675\" srcset=\"https:\/\/ciphuarte.educacion.navarra.es\/web1\/wp-content\/uploads\/2023\/06\/1684305549085-1-scaled.jpg 2560w, https:\/\/ciphuarte.educacion.navarra.es\/web1\/wp-content\/uploads\/2023\/06\/1684305549085-1-300x224.jpg 300w, https:\/\/ciphuarte.educacion.navarra.es\/web1\/wp-content\/uploads\/2023\/06\/1684305549085-1-1024x766.jpg 1024w, https:\/\/ciphuarte.educacion.navarra.es\/web1\/wp-content\/uploads\/2023\/06\/1684305549085-1-768x574.jpg 768w, https:\/\/ciphuarte.educacion.navarra.es\/web1\/wp-content\/uploads\/2023\/06\/1684305549085-1-1536x1149.jpg 1536w, https:\/\/ciphuarte.educacion.navarra.es\/web1\/wp-content\/uploads\/2023\/06\/1684305549085-1-2048x1532.jpg 2048w\" sizes=\"(max-width: 2560px) 100vw, 2560px\" \/><\/figure>\n<\/figure>\n\n\n\n<p class=\"has-black-color has-text-color\">A lo largo de todo el proyecto, se han realizado salidas a diferentes instituciones y hemos recibido la visita de diferentes profesionales que han cubierto las posibles lagunas que ten\u00edamos y han complementado el aprendizaje realizado en las aulas. Las charlas y visitas que hemos recibido han sido a cargo de grandes profesionales de la <em>Residencia para la tercera edad El Vergel<\/em>, la<em> ONCE<\/em>, <em>la Asociaci\u00f3n<\/em> <em>de familiares de enfermos de Alzheimer<\/em> (AFAN), el <em>CEAPAT de Lardero<\/em> y del Centro de Rehabilitaci\u00f3n Psicosocial de Estella-Lizarra. \u00a1\u00a1\u00a1A todas ellas queremos agradecer su generosidad y su buena disposici\u00f3n. \u00a1\u00a1\u00a1Hemos aprendido much\u00edsmo de vosotros\/as!!!<\/p>\n\n\n\n<p><\/p>\n","protected":false},"excerpt":{"rendered":"<p>El pasado d\u00eda 30 de mayo tuvo lugar un bonito y emotivo acto en el que alumnado de GS de Integraci\u00f3n social y GM de APSD entreg\u00f3 los productos de apoyo realizados en el marco del Proyecto Acepta para usuarios de varias residencias geri\u00e1tricas y terap\u00e9uticas de Navarra. Se trataba del cierre del proyecto ACEPTA [&hellip;]<\/p>\n","protected":false},"author":1,"featured_media":3675,"comment_status":"open","ping_status":"open","sticky":false,"template":"","format":"standard","meta":{"_genesis_hide_title":false,"_genesis_hide_breadcrumbs":false,"_genesis_hide_singular_image":false,"_genesis_hide_footer_widgets":false,"_genesis_custom_body_class":"","_genesis_custom_post_class":"","_genesis_layout":""},"categories":[1,4],"tags":[],"_links":{"self":[{"href":"https:\/\/ciphuarte.educacion.navarra.es\/web1\/wp-json\/wp\/v2\/posts\/3670"}],"collection":[{"href":"https:\/\/ciphuarte.educacion.navarra.es\/web1\/wp-json\/wp\/v2\/posts"}],"about":[{"href":"https:\/\/ciphuarte.educacion.navarra.es\/web1\/wp-json\/wp\/v2\/types\/post"}],"author":[{"embeddable":true,"href":"https:\/\/ciphuarte.educacion.navarra.es\/web1\/wp-json\/wp\/v2\/users\/1"}],"replies":[{"embeddable":true,"href":"https:\/\/ciphuarte.educacion.navarra.es\/web1\/wp-json\/wp\/v2\/comments?post=3670"}],"version-history":[{"count":8,"href":"https:\/\/ciphuarte.educacion.navarra.es\/web1\/wp-json\/wp\/v2\/posts\/3670\/revisions"}],"predecessor-version":[{"id":3710,"href":"https:\/\/ciphuarte.educacion.navarra.es\/web1\/wp-json\/wp\/v2\/posts\/3670\/revisions\/3710"}],"wp:featuredmedia":[{"embeddable":true,"href":"https:\/\/ciphuarte.educacion.navarra.es\/web1\/wp-json\/wp\/v2\/media\/3675"}],"wp:attachment":[{"href":"https:\/\/ciphuarte.educacion.navarra.es\/web1\/wp-json\/wp\/v2\/media?parent=3670"}],"wp:term":[{"taxonomy":"category","embeddable":true,"href":"https:\/\/ciphuarte.educacion.navarra.es\/web1\/wp-json\/wp\/v2\/categories?post=3670"},{"taxonomy":"post_tag","embeddable":true,"href":"https:\/\/ciphuarte.educacion.navarra.es\/web1\/wp-json\/wp\/v2\/tags?post=3670"}],"curies":[{"name":"wp","href":"https:\/\/api.w.org\/{rel}","templated":true}]}}