{"id":5015,"date":"2025-04-07T12:09:51","date_gmt":"2025-04-07T10:09:51","guid":{"rendered":"https:\/\/ciphuarte.educacion.navarra.es\/web1\/?p=5015"},"modified":"2025-04-16T09:41:15","modified_gmt":"2025-04-16T07:41:15","slug":"integracion-social-online","status":"publish","type":"post","link":"https:\/\/ciphuarte.educacion.navarra.es\/web1\/blog\/2025\/04\/07\/integracion-social-online\/","title":{"rendered":"Integraci\u00f3n social online"},"content":{"rendered":"\n<p class=\"has-black-color has-text-color\"><strong>El viernes 11 de abril se celebr\u00f3 de forma telem\u00e1tica una reuni\u00f3n informativa a modo de jornada de puertas abiertas a esta modalidad online del Grado Superior de Integraci\u00f3n social.<\/strong><\/p>\n\n\n\n<div class=\"wp-container-1 wp-block-buttons\">\n<div class=\"wp-block-button aligncenter\"><a class=\"wp-block-button__link has-luminous-vivid-orange-background-color has-background\" href=\"https:\/\/drive.google.com\/file\/d\/1RL5nW1Y9KpfdSwloOAfuiltdQd3u86_s\/view?usp=sharing\">Acceso a la grabaci\u00f3n<\/a><\/div>\n<\/div>\n\n\n\n<p><strong>Agenda de la reuni\u00f3n:<\/strong><\/p>\n\n\n\n<ol class=\"has-black-color has-text-color\"><li>Presentaci\u00f3n del Centro: qui\u00e9nes somos, metodolog\u00eda de trabajo basada en proyectos colaborativos, oferta formativa y ciclos impartidos.<\/li><li>Introducci\u00f3n al Ciclo de Integraci\u00f3n Social Online: organizaci\u00f3n modular y posibilidad de realizar pr\u00e1cticas desde el primer curso.<\/li><li>Sistema de evaluaci\u00f3n: tres evaluaciones parciales m\u00e1s evaluaci\u00f3n final, criterios (tareas, ex\u00e1menes y otros elementos valorables).<\/li><li>Acceso a la plataforma virtual Moodle-Ikasaula: funcionamiento y recursos disponibles.<\/li><li>Recomendaciones para el estudio, organizaci\u00f3n de tareas y selecci\u00f3n de m\u00f3dulos.<\/li><li>Presentaci\u00f3n de los cuatro bloques de m\u00f3dulos que conforman la formaci\u00f3n completa.<\/li><li>Informaci\u00f3n sobre pr\u00e1cticas: inicio tras completar el primer bloque de cinco m\u00f3dulos.<\/li><li>Detalle de los m\u00f3dulos iniciales del primer bloque formativo.<\/li><\/ol>\n\n\n\n<p class=\"has-black-color has-text-color\"><strong>La plataforma estar\u00e1 disponible 10 minutos antes del inicio. Agradecemos mantener los micr\u00f3fonos silenciados cuando no est\u00e9n interviniendo.<\/strong><\/p>\n","protected":false},"excerpt":{"rendered":"<p>El viernes 11 de abril se celebr\u00f3 de forma telem\u00e1tica una reuni\u00f3n informativa a modo de jornada de puertas abiertas a esta modalidad online del Grado Superior de Integraci\u00f3n social. Agenda de la reuni\u00f3n: Presentaci\u00f3n del Centro: qui\u00e9nes somos, metodolog\u00eda de trabajo basada en proyectos colaborativos, oferta formativa y ciclos impartidos. Introducci\u00f3n al Ciclo de [&hellip;]<\/p>\n","protected":false},"author":1,"featured_media":5016,"comment_status":"open","ping_status":"open","sticky":false,"template":"","format":"standard","meta":{"_genesis_hide_title":false,"_genesis_hide_breadcrumbs":false,"_genesis_hide_singular_image":false,"_genesis_hide_footer_widgets":false,"_genesis_custom_body_class":"","_genesis_custom_post_class":"","_genesis_layout":""},"categories":[1],"tags":[],"_links":{"self":[{"href":"https:\/\/ciphuarte.educacion.navarra.es\/web1\/wp-json\/wp\/v2\/posts\/5015"}],"collection":[{"href":"https:\/\/ciphuarte.educacion.navarra.es\/web1\/wp-json\/wp\/v2\/posts"}],"about":[{"href":"https:\/\/ciphuarte.educacion.navarra.es\/web1\/wp-json\/wp\/v2\/types\/post"}],"author":[{"embeddable":true,"href":"https:\/\/ciphuarte.educacion.navarra.es\/web1\/wp-json\/wp\/v2\/users\/1"}],"replies":[{"embeddable":true,"href":"https:\/\/ciphuarte.educacion.navarra.es\/web1\/wp-json\/wp\/v2\/comments?post=5015"}],"version-history":[{"count":7,"href":"https:\/\/ciphuarte.educacion.navarra.es\/web1\/wp-json\/wp\/v2\/posts\/5015\/revisions"}],"predecessor-version":[{"id":5045,"href":"https:\/\/ciphuarte.educacion.navarra.es\/web1\/wp-json\/wp\/v2\/posts\/5015\/revisions\/5045"}],"wp:featuredmedia":[{"embeddable":true,"href":"https:\/\/ciphuarte.educacion.navarra.es\/web1\/wp-json\/wp\/v2\/media\/5016"}],"wp:attachment":[{"href":"https:\/\/ciphuarte.educacion.navarra.es\/web1\/wp-json\/wp\/v2\/media?parent=5015"}],"wp:term":[{"taxonomy":"category","embeddable":true,"href":"https:\/\/ciphuarte.educacion.navarra.es\/web1\/wp-json\/wp\/v2\/categories?post=5015"},{"taxonomy":"post_tag","embeddable":true,"href":"https:\/\/ciphuarte.educacion.navarra.es\/web1\/wp-json\/wp\/v2\/tags?post=5015"}],"curies":[{"name":"wp","href":"https:\/\/api.w.org\/{rel}","templated":true}]}}